{"id":116,"date":"2006-04-15T14:40:28","date_gmt":"2006-04-15T14:40:28","guid":{"rendered":""},"modified":"2024-03-15T20:25:30","modified_gmt":"2024-03-15T20:25:30","slug":"esperanto_internacia_lingvo_teanga_idirnaisiunta_international_language","status":"publish","type":"post","link":"https:\/\/davidhealy.com\/?p=116","title":{"rendered":"Esperanto (internacia lingvo, teanga idirn\u00e1isi\u00fanta, international language)"},"content":{"rendered":"<p><a href=\"http:\/\/www.lernu.net\/\" target=\"_self\" rel=\"noopener\">Information about \/ Eolas faoi Esperanto<\/a>\u00a0 ;\u00a0 <a href=\"http:\/\/www.esperanto.ie\/\" target=\"_self\" rel=\"noopener\">Esperanto-Asocio de Irlando<\/a><\/p>\n<p>Saluton, esperantlingvaj legantoj!<\/p>\n<p>La \u0109efa celo de tiu retpa\u011daro mia estas informi pri mia laboro kiel elektita loka politikisto de la <a href=\"http:\/\/www.greenparty.ie\/\" target=\"_self\" rel=\"noopener\">Verda Partio<\/a> (Green Party\/Comhaontas Glas).<\/p>\n<p>Informoj pri verdpartia\u0135oj: <a href=\"https:\/\/www.verduloj.org\/welcome.htm\" target=\"_blank\" rel=\"noopener\">Asocio de Verduloj Esperantistaj<\/a><\/p>\n<p>Mi tiun \u0109i pa\u011don afi\u015das en la internacia lingvo, \u0109efe por helpi al pasportservanoj kaj aliaj esperantistoj trovi min a\u016d nian domon.<\/p>\n<p>Mi lo\u011das kun mia edzo Rama kiu ne ankora\u016d parolas Esperanton sed iom komprenas.<\/p>\n<p>La domo estas en Howth (angle) \/ Beann \u00c9adair (gaele, anka\u016d foje literumita Binn \u00c9adair).\u00a0 Estas havena vila\u011do sur samnoma duoninsulo 16km nordoriente de la urbocentro de Dublin (angle) \/ Baile \u00c1tha Cliath (gaele). Estas tre bela kun montetoj, mardeklivoj, sabla marbordo, arbaroj, erikejoj kaj multaj promenvojetoj.<\/p>\n<p>La domo proksimas al finhalto (Howth\/ Binn \u00c9adair) de la urba elektra fervojo Dart.\u00a0 De la stacidomo, iru maldekstren la\u016d la vojo. Vi balda\u016d vidos vojon dekstren kaj supren.\u00a0 Iru tien. Kiam vi atingos alian vojkruci\u011don, iru denove dekstren kaj supren. Post malgranda vojo kaj iom pli granda vojo estas 6 samformaj domoj. <a href=\"https:\/\/www.google.com\/maps\/place\/+D13+DY28\" target=\"_blank\" rel=\"noopener\">Estas la tria domo<\/a>.<\/p>\n<p>De urbocentro venu per<a href=\"https:\/\/www.irishrail.ie\/getmedia\/a115d38e-ca09-4abc-9f1a-3fa6629346ab\/4-_18-_dart_commuter.pdf\" target=\"_blank\" rel=\"noopener\"> Dart<\/a> a\u016d per buso <a href=\"https:\/\/www.dublinbus.ie\/timetables\/route-h3\" target=\"_blank\" rel=\"noopener\">H3<\/a>, a\u016d malpli rekta buso <a href=\"https:\/\/www.dublinbus.ie\/timetables\/route-6\" target=\"_blank\" rel=\"noopener\">6<\/a>. De Dublina haveno, iru al urbocentro unue, a\u016d rekte per taksio. De flughaveno, a\u016d iru al urbocentro kaj de tie kiel supre, a\u016d uzu malrektan marbordan buson <a href=\"https:\/\/www.goaheadireland.ie\/services\/7778021\/102\" target=\"_blank\" rel=\"noopener\">102<\/a> al Sutton kaj Dart-on de tie.<\/p>\n<p>Pro mia politika laboro mi foje forestas.\u00a0 Kaj mi kaj Rama laboras neregulajn horojn.\u00a0 Do ta\u016dgaj alvenhoroj ne facile anta\u016dvideblas.<\/p>\n<p>Por kontakti min: verdire \u0109e gmail.com, +353 876178852, 54, P\u00e1irc \u00c9abh\u00f3ra, Beann \u00c9adair, B.\u00c1.C. 13<\/p>\n","protected":false},"excerpt":{"rendered":"<p>Information about \/ Eolas faoi Esperanto\u00a0 ;\u00a0 Esperanto-Asocio de Irlando Saluton, esperantlingvaj legantoj! La \u0109efa celo de tiu retpa\u011daro mia estas informi pri mia laboro kiel elektita loka politikisto de la Verda Partio (Green Party\/Comhaontas Glas). Informoj pri verdpartia\u0135oj: Asocio de Verduloj Esperantistaj Mi tiun \u0109i pa\u011don afi\u015das en la internacia lingvo, \u0109efe por helpi [&hellip;]<\/p>\n","protected":false},"author":1,"featured_media":0,"comment_status":"closed","ping_status":"closed","sticky":false,"template":"","format":"standard","meta":[],"categories":[1],"tags":[],"_links":{"self":[{"href":"https:\/\/davidhealy.com\/index.php?rest_route=\/wp\/v2\/posts\/116"}],"collection":[{"href":"https:\/\/davidhealy.com\/index.php?rest_route=\/wp\/v2\/posts"}],"about":[{"href":"https:\/\/davidhealy.com\/index.php?rest_route=\/wp\/v2\/types\/post"}],"author":[{"embeddable":true,"href":"https:\/\/davidhealy.com\/index.php?rest_route=\/wp\/v2\/users\/1"}],"replies":[{"embeddable":true,"href":"https:\/\/davidhealy.com\/index.php?rest_route=%2Fwp%2Fv2%2Fcomments&post=116"}],"version-history":[{"count":5,"href":"https:\/\/davidhealy.com\/index.php?rest_route=\/wp\/v2\/posts\/116\/revisions"}],"predecessor-version":[{"id":1699,"href":"https:\/\/davidhealy.com\/index.php?rest_route=\/wp\/v2\/posts\/116\/revisions\/1699"}],"wp:attachment":[{"href":"https:\/\/davidhealy.com\/index.php?rest_route=%2Fwp%2Fv2%2Fmedia&parent=116"}],"wp:term":[{"taxonomy":"category","embeddable":true,"href":"https:\/\/davidhealy.com\/index.php?rest_route=%2Fwp%2Fv2%2Fcategories&post=116"},{"taxonomy":"post_tag","embeddable":true,"href":"https:\/\/davidhealy.com\/index.php?rest_route=%2Fwp%2Fv2%2Ftags&post=116"}],"curies":[{"name":"wp","href":"https:\/\/api.w.org\/{rel}","templated":true}]}}